{"id":6431,"date":"2023-07-24T21:01:43","date_gmt":"2023-07-24T21:01:43","guid":{"rendered":"https:\/\/steuber.net\/?p=6431"},"modified":"2026-04-28T04:22:54","modified_gmt":"2026-04-28T04:22:54","slug":"iecho-loest-das-stanzproblem","status":"publish","type":"post","link":"https:\/\/steuber.net\/cs\/success-stories\/iecho-loest-das-stanzproblem\/","title":{"rendered":"iEcho l\u00f6st das Stanzproblem"},"content":{"rendered":"<div data-elementor-type=\"wp-post\" data-elementor-id=\"6431\" class=\"elementor elementor-6431\" data-elementor-post-type=\"post\">\n\t\t\t\t<div class=\"elementor-element elementor-element-4f3234b7 e-con-full e-flex e-con e-parent\" data-id=\"4f3234b7\" data-element_type=\"container\" data-e-type=\"container\" data-settings=\"{&quot;background_background&quot;:&quot;classic&quot;}\">\n\t\t<div class=\"elementor-element elementor-element-76379f7d e-con-full e-flex e-con e-parent\" data-id=\"76379f7d\" data-element_type=\"container\" data-e-type=\"container\">\n\t\t<div class=\"elementor-element elementor-element-3b0e22be e-con-full e-flex e-con e-parent\" data-id=\"3b0e22be\" data-element_type=\"container\" data-e-type=\"container\">\n\t\t\t\t<div class=\"elementor-element elementor-element-2238b3e elementor-widget elementor-widget-text-editor\" data-id=\"2238b3e\" data-element_type=\"widget\" data-e-type=\"widget\" data-widget_type=\"text-editor.default\">\n\t\t\t\t<div class=\"elementor-widget-container\">\n\t\t\t\t\t\t\t\t\t<p><strong>Success Story<\/strong><\/p>\t\t\t\t\t\t\t\t<\/div>\n\t\t\t\t<\/div>\n\t\t\t\t<div class=\"elementor-element elementor-element-63da2995 elementor-widget elementor-widget-heading\" data-id=\"63da2995\" data-element_type=\"widget\" data-e-type=\"widget\" data-widget_type=\"heading.default\">\n\t\t\t\t<div class=\"elementor-widget-container\">\n\t\t\t\t\t<h1 class=\"elementor-heading-title elementor-size-default\">iEcho l\u00f6st das Stanzproblem<\/h1>\t\t\t\t<\/div>\n\t\t\t\t<\/div>\n\t\t\t\t<\/div>\n\t\t<div class=\"elementor-element elementor-element-7c896838 e-con-full e-flex e-con e-parent\" data-id=\"7c896838\" data-element_type=\"container\" data-e-type=\"container\">\n\t\t\t\t<div class=\"elementor-element elementor-element-6ed7332a elementor-hidden-mobile elementor-widget elementor-widget-text-editor\" data-id=\"6ed7332a\" data-element_type=\"widget\" data-e-type=\"widget\" data-widget_type=\"text-editor.default\">\n\t\t\t\t<div class=\"elementor-widget-container\">\n\t\t\t\t\t\t\t\t\t<p style=\"text-align: right;\"><strong>Datum:<\/strong><br \/>24.07.2023<\/p><p style=\"text-align: right;\"><strong>Lesedauer:<\/strong><br \/>5 min.<\/p>\t\t\t\t\t\t\t\t<\/div>\n\t\t\t\t<\/div>\n\t\t\t\t<\/div>\n\t\t\t\t<\/div>\n\t\t<div class=\"elementor-element elementor-element-5205fa32 e-con-full e-flex e-con e-parent\" data-id=\"5205fa32\" data-element_type=\"container\" data-e-type=\"container\">\n\t\t<div class=\"elementor-element elementor-element-3e92fe94 e-con-full e-flex e-con e-parent\" data-id=\"3e92fe94\" data-element_type=\"container\" data-e-type=\"container\">\n\t\t\t\t<div class=\"elementor-element elementor-element-5939ac26 elementor-widget elementor-widget-text-editor\" data-id=\"5939ac26\" data-element_type=\"widget\" data-e-type=\"widget\" data-widget_type=\"text-editor.default\">\n\t\t\t\t<div class=\"elementor-widget-container\">\n\t\t\t\t\t\t\t\t\t<p>Eine Vielzahl kreativer Druckprodukte, fein s\u00e4uberlich an den W\u00e4nden des Besprechungsraums bei Frank Druck + Medien zeigt dem Besucher sofort: hier hat man den Sinn f\u00fcr das Besondere.<br \/>\u201eUnsere Agenturkunden betreuen die gro\u00dfen Marken der Region und bei denen sind wir als Probleml\u00f6ser gesetzt.\u201c, beginnt Carsten Thomas, Gesch\u00e4ftsf\u00fchrer und kreativer Kopf der 15 Mitarbeiter starken Mannschaft bei Frank unser Gespr\u00e4ch f\u00fcr einen Bericht in der Grafischen Palette.<\/p>\t\t\t\t\t\t\t\t<\/div>\n\t\t\t\t<\/div>\n\t\t\t\t<\/div>\n\t\t<div class=\"elementor-element elementor-element-5a178511 e-con-full e-flex e-con e-parent\" data-id=\"5a178511\" data-element_type=\"container\" data-e-type=\"container\">\n\t\t\t\t<div class=\"elementor-element elementor-element-428a544c elementor-widget elementor-widget-image\" data-id=\"428a544c\" data-element_type=\"widget\" data-e-type=\"widget\" data-widget_type=\"image.default\">\n\t\t\t\t<div class=\"elementor-widget-container\">\n\t\t\t\t\t\t\t\t\t\t\t\t<figure class=\"wp-caption\">\n\t\t\t\t\t\t\t\t\t\t<img fetchpriority=\"high\" decoding=\"async\" width=\"800\" height=\"534\" src=\"https:\/\/steuber.net\/wp-content\/uploads\/2023\/07\/iecho-frank-druck-1024x683.webp\" class=\"attachment-large size-large wp-image-6433\" alt=\"iecko Schneidplotter von Steuber bei Frank Druck\" srcset=\"https:\/\/steuber.net\/wp-content\/uploads\/2023\/07\/iecho-frank-druck-1024x683.webp 1024w, https:\/\/steuber.net\/wp-content\/uploads\/2023\/07\/iecho-frank-druck-300x200.webp 300w, https:\/\/steuber.net\/wp-content\/uploads\/2023\/07\/iecho-frank-druck-768x512.webp 768w, https:\/\/steuber.net\/wp-content\/uploads\/2023\/07\/iecho-frank-druck-18x12.webp 18w, https:\/\/steuber.net\/wp-content\/uploads\/2023\/07\/iecho-frank-druck.webp 1200w\" sizes=\"(max-width: 800px) 100vw, 800px\" \/>\t\t\t\t\t\t\t\t\t\t\t<figcaption class=\"widget-image-caption wp-caption-text\">v. l. Carsten Thomas, Gesch\u00e4ftsf\u00fchrer Frank und Dirk Wolf, Vertrieb Heinrich Steuber<\/figcaption>\n\t\t\t\t\t\t\t\t\t\t<\/figure>\n\t\t\t\t\t\t\t\t\t<\/div>\n\t\t\t\t<\/div>\n\t\t\t\t<\/div>\n\t\t\t\t<\/div>\n\t\t\t\t<\/div>\n\t\t<div class=\"elementor-element elementor-element-c8c5a0a e-flex e-con-boxed e-con e-parent\" data-id=\"c8c5a0a\" data-element_type=\"container\" data-e-type=\"container\">\n\t\t\t\t\t<div class=\"e-con-inner\">\n\t\t<div class=\"elementor-element elementor-element-5d206dc6 e-con-full e-flex e-con e-parent\" data-id=\"5d206dc6\" data-element_type=\"container\" data-e-type=\"container\">\n\t\t\t\t<div class=\"elementor-element elementor-element-4b819fbf elementor-widget elementor-widget-heading\" data-id=\"4b819fbf\" data-element_type=\"widget\" data-e-type=\"widget\" data-widget_type=\"heading.default\">\n\t\t\t\t<div class=\"elementor-widget-container\">\n\t\t\t\t\t<h3 class=\"elementor-heading-title elementor-size-default\">Frank Druck und Medien gilt als der Probleml\u00f6ser f\u00fcr exklusive Verpackungen in kleiner Auflage<\/h3>\t\t\t\t<\/div>\n\t\t\t\t<\/div>\n\t\t\t\t<div class=\"elementor-element elementor-element-fb3d6b4 elementor-widget elementor-widget-image\" data-id=\"fb3d6b4\" data-element_type=\"widget\" data-e-type=\"widget\" data-widget_type=\"image.default\">\n\t\t\t\t<div class=\"elementor-widget-container\">\n\t\t\t\t\t\t\t\t\t\t\t\t<figure class=\"wp-caption\">\n\t\t\t\t\t\t\t\t\t\t<img decoding=\"async\" width=\"800\" height=\"627\" src=\"https:\/\/steuber.net\/wp-content\/uploads\/2023\/07\/iecho-schneidplotter-1.webp\" class=\"attachment-large size-large wp-image-6369\" alt=\"iEcho\" srcset=\"https:\/\/steuber.net\/wp-content\/uploads\/2023\/07\/iecho-schneidplotter-1.webp 900w, https:\/\/steuber.net\/wp-content\/uploads\/2023\/07\/iecho-schneidplotter-1-300x235.webp 300w, https:\/\/steuber.net\/wp-content\/uploads\/2023\/07\/iecho-schneidplotter-1-768x602.webp 768w, https:\/\/steuber.net\/wp-content\/uploads\/2023\/07\/iecho-schneidplotter-1-15x12.webp 15w\" sizes=\"(max-width: 800px) 100vw, 800px\" \/>\t\t\t\t\t\t\t\t\t\t\t<figcaption class=\"widget-image-caption wp-caption-text\">Wir bieten Ihnen unsere iECHO Showroomsysteme ab 24.900 \u20ac zum Sonderpreis an.<\/figcaption>\n\t\t\t\t\t\t\t\t\t\t<\/figure>\n\t\t\t\t\t\t\t\t\t<\/div>\n\t\t\t\t<\/div>\n\t\t\t\t<\/div>\n\t\t<div class=\"elementor-element elementor-element-70df20f5 e-con-full e-flex e-con e-parent\" data-id=\"70df20f5\" data-element_type=\"container\" data-e-type=\"container\">\n\t\t\t\t<div class=\"elementor-element elementor-element-7f87cecb elementor-widget elementor-widget-text-editor\" data-id=\"7f87cecb\" data-element_type=\"widget\" data-e-type=\"widget\" data-widget_type=\"text-editor.default\">\n\t\t\t\t<div class=\"elementor-widget-container\">\n\t\t\t\t\t\t\t\t\t<p>Gilt es z. B. ein neues Duftwasser aus K\u00f6ln zu promoten kommt Frank Druck und Medien ins Spiel. Ein mit Lackapplikationen veredeltes Flaschenetikett, eine mit Softtouch- und Goldfolie veredelte Pr\u00e4sentationsbox in kleiner Auflage f\u00fcr die Markteinf\u00fchrung, so etwas geh\u00f6rt zu den Lieblingsaufgaben des familiengef\u00fchrten Unternehmens in Aachen. Exklusive Verpackungen in kleiner Auflage ist das Spezialgebiet der Aachener Druckerei.<\/p><p><b>Carsten Thomas: <\/b>\u201eDie gro\u00dfen Marken haben nat\u00fcrlich l\u00e4ngst die Wirkung und Bedeutung der sozialen Netzwerke f\u00fcr sich erkannt. Influencer spielen heute eine wichtige Rolle wenn es um die Markteinf\u00fchrung neuer Produkte geht.\u201c<\/p><p><b>\u201eK\u00f6nnen Sie uns an einem Beispiel einmal die Vorgehensweise erl\u00e4utern?\u201c<br \/>Carsten Thomas: <\/b>\u201eErst k\u00fcrzlich kam die Agentur eines gro\u00dfen S\u00fcsswarenherstellers, der f\u00fcr seine edlen Schokoladen bekannt ist, zu uns. Eine neue Schokoladensorte sollte am Markt bekannt gemacht werden. Hier am Tisch besprachen wir die W\u00fcnsche des Kunden und es wurde schnell klar, dass wir ein mehrteiliges, hochwertig veredeltes Verpackungsdesign entwickeln mussten.<br \/>Unsere vielf\u00e4ltigen technischen M\u00f6glichkeiten erlauben uns, auch unter gro\u00dfem Zeitdruck, alles im Haus zu produzieren. Hierdurch sind wir extrem flexibel.\u201c<\/p><p><b>\u201eDas Ergebnis ist durchaus beeindruckend. In welcher Auflagenh\u00f6he wurde das dann produziert?\u201c<br \/>Carsten Thomas:<\/b> \u201eIn diesem Fall 100 St\u00fcck. Bei uns gefertigt, konfektioniert und versandt. Empf\u00e4nger waren Influencer die in sogenannten Unboxing-Videos das Produkt in den sozialen Netzwerken pr\u00e4sentierten.<br \/>Die Resonanz war wirklich sehr gut. Genau so hatte sich die Agentur das vorgestellt. Uns hat das angespornt unseren eigenen Instagram-Kanal intensiv zu nutzen. Schauen sie mal drauf, sie erfahren viel \u00fcber uns!\u201c<\/p><p><b>\u201eDas mache ich nat\u00fcrlich gerne. Seit einigen Monaten arbeiten sie mit der digitalen Stanzmaschine iEcho. Wie kam es zu dieser Investition?\u201c<\/b><br \/><b>Carsten Thomas:<\/b> \u201eWir produzieren sehr viele Etiketten. Gerne auch in ausgefallener Form. Und gestanzt wurde dann auf Tiegel und Zylinder. Das Personal, das diese Maschinen zuverl\u00e4ssig bedienen kann, wird knapp. Es musste also dringend eine L\u00f6sung her.\u201c<\/p><p><b>\u201eSo entstand dann der Kontakt zu Steuber?\u201c<\/b>\u00a0<br \/><span style=\"text-align: var(--text-align); font-size: 1.1rem;\"><b>Carsten Thomas:<\/b> \u201eWir hatten bereits eine Gesch\u00e4ftsbeziehung zu Steuber. Wir beziehen unsere <a href=\"https:\/\/steuber.net\/cs\/steuber-verbrauchsmaterial\/\">Drucksaalprodukte<\/a> daher. Unser Ansprechpartner Dirk Wolf brachte dann die iEcho zur L\u00f6sung unserer Probleme ins Gespr\u00e4ch.<\/span><\/p><p>Vor Ort im Steuber-Showroom beim Test auf der Maschine mit unseren Produkten erkannten wir sehr schnell die M\u00f6glichkeiten f\u00fcr unser Haus. Nicht nur die perfekte geschlitzte Haftetiketten, auch die flexible Produktion von Mappen, Faltschachteln, Kreativstanzungen bis hin zur Verarbeitung von Wellpappe er\u00f6ffnet uns v\u00f6llig neue M\u00f6glichkeiten. Ab sofort war es m\u00f6glich schnell und unkompliziert in Anwesenheit des Kunden Korrekturen, z. B. an der F\u00fcllh\u00f6he von Mappen, vorzunehmen.\u201c<\/p><p><b>\u201eDas Unternehmen Frank Druck + Medien wird im kommenden Jahr 100 Jahre alt. Wie sehen sie ihre Zukunft?\u201c<\/b><br \/><b>Carsten Thomas: <\/b>\u201eWir machen gerne die Dinge, die andere nicht machen wollen. Der Kunde kann kommen und seine W\u00fcnsche und Probleme bei uns abladen. Und durch die Installation der iEcho ist f\u00fcr uns viel m\u00f6glich geworden. Das haben auch Kollegenbetriebe inzwischen erkannt die unser know-how nutzen und mit denen wir vertrauensvoll zusammenarbeiten.<br \/>Wir machen weiter das, was wir gut k\u00f6nnen. Kunden beraten, Probleme l\u00f6sen und aus Tradition kreativ denken.<\/p>\t\t\t\t\t\t\t\t<\/div>\n\t\t\t\t<\/div>\n\t\t<div class=\"elementor-element elementor-element-f2ed195 e-flex e-con-boxed e-con e-parent\" data-id=\"f2ed195\" data-element_type=\"container\" data-e-type=\"container\">\n\t\t\t\t\t<div class=\"e-con-inner\">\n\t\t\t\t<div class=\"elementor-element elementor-element-7e95d29 elementor-view-framed elementor-shape-circle elementor-widget elementor-widget-icon\" data-id=\"7e95d29\" data-element_type=\"widget\" data-e-type=\"widget\" data-widget_type=\"icon.default\">\n\t\t\t\t<div class=\"elementor-widget-container\">\n\t\t\t\t\t\t\t<div class=\"elementor-icon-wrapper\">\n\t\t\t<a class=\"elementor-icon\" href=\"https:\/\/frankdruckmedien.de\/\" target=\"_blank\" rel=\"noopener\">\n\t\t\t<i aria-hidden=\"true\" class=\"fas fa-arrow-right\"><\/i>\t\t\t<\/a>\n\t\t<\/div>\n\t\t\t\t\t\t<\/div>\n\t\t\t\t<\/div>\n\t\t\t\t<div class=\"elementor-element elementor-element-17de6cd elementor-widget elementor-widget-text-editor\" data-id=\"17de6cd\" data-element_type=\"widget\" data-e-type=\"widget\" data-widget_type=\"text-editor.default\">\n\t\t\t\t<div class=\"elementor-widget-container\">\n\t\t\t\t\t\t\t\t\t<p><a href=\"https:\/\/frankdruckmedien.de\/\" target=\"_blank\" rel=\"noopener\">frankdruckmedien.de<\/a><\/p>\t\t\t\t\t\t\t\t<\/div>\n\t\t\t\t<\/div>\n\t\t\t\t\t<\/div>\n\t\t\t\t<\/div>\n\t\t\t\t<\/div>\n\t\t\t\t\t<\/div>\n\t\t\t\t<\/div>\n\t\t<div class=\"elementor-element elementor-element-a54a11e e-con-full e-flex elementor-invisible e-con e-parent\" data-id=\"a54a11e\" data-element_type=\"container\" data-e-type=\"container\" data-settings=\"{&quot;background_background&quot;:&quot;classic&quot;,&quot;animation&quot;:&quot;fadeInUp&quot;}\">\n\t\t<div class=\"elementor-element elementor-element-73ba8eb6 e-con-full e-flex e-con e-parent\" data-id=\"73ba8eb6\" data-element_type=\"container\" data-e-type=\"container\">\n\t\t\t\t<div class=\"elementor-element elementor-element-1577b15d elementor-widget elementor-widget-heading\" data-id=\"1577b15d\" data-element_type=\"widget\" data-e-type=\"widget\" data-widget_type=\"heading.default\">\n\t\t\t\t<div class=\"elementor-widget-container\">\n\t\t\t\t\t<h3 class=\"elementor-heading-title elementor-size-default\">Das iECHO PK System k\u00f6nnte auch von Vorteil f\u00fcr Ihre Produktion sein?\nW\u00fcnschen Sie einen Test auf Ihrem Wunschmaterial? Sprechen Sie uns an.<\/h3>\t\t\t\t<\/div>\n\t\t\t\t<\/div>\n\t\t\t\t<div class=\"elementor-element elementor-element-9c4cdd5 elementor-position-left elementor-vertical-align-top elementor-widget elementor-widget-image-box\" data-id=\"9c4cdd5\" data-element_type=\"widget\" data-e-type=\"widget\" data-widget_type=\"image-box.default\">\n\t\t\t\t<div class=\"elementor-widget-container\">\n\t\t\t\t\t<div class=\"elementor-image-box-wrapper\"><figure class=\"elementor-image-box-img\"><a href=\"http:\/\/t.averkamp@steuber.net\/cs\/\" tabindex=\"-1\"><img decoding=\"async\" width=\"300\" height=\"300\" src=\"https:\/\/steuber.net\/wp-content\/uploads\/2022\/09\/steuber-thomas-averkamp-vertrieb-300x300.webp\" class=\"attachment-medium size-medium wp-image-1718\" alt=\"\" srcset=\"https:\/\/steuber.net\/wp-content\/uploads\/2022\/09\/steuber-thomas-averkamp-vertrieb-300x300.webp 300w, https:\/\/steuber.net\/wp-content\/uploads\/2022\/09\/steuber-thomas-averkamp-vertrieb-150x150.webp 150w, https:\/\/steuber.net\/wp-content\/uploads\/2022\/09\/elementor\/thumbs\/steuber-thomas-averkamp-vertrieb-qgdeupsdwb93svxlf6f9inuutfbjmz6k2n5ur9aizk.jpg 400w, https:\/\/steuber.net\/wp-content\/uploads\/2022\/09\/elementor\/thumbs\/steuber-thomas-averkamp-vertrieb-qvjcybza5te0d3papfvv1kcjbbe36pdzdzmmzjv7uw.jpg 500w, https:\/\/steuber.net\/wp-content\/uploads\/2022\/09\/steuber-thomas-averkamp-vertrieb.webp 734w\" sizes=\"(max-width: 300px) 100vw, 300px\" \/><\/a><\/figure><div class=\"elementor-image-box-content\"><h4 class=\"elementor-image-box-title\"><a href=\"http:\/\/t.averkamp@steuber.net\/cs\/\">Thomas Averkamp<\/a><\/h4><p class=\"elementor-image-box-description\">Vertrieb<br><br>\nTelefon: +49 21 61 65 97-0<br>\nMobil: +49 171 35 88 893<br>\n<br>\n<a href=\"mailto:t.averkamp@steuber.net\"> t.averkamp@steuber.net<\/a><\/p><\/div><\/div>\t\t\t\t<\/div>\n\t\t\t\t<\/div>\n\t\t\t\t<\/div>\n\t\t<div class=\"elementor-element elementor-element-4f7558cd e-con-full e-flex e-con e-parent\" data-id=\"4f7558cd\" data-element_type=\"container\" data-e-type=\"container\" data-settings=\"{&quot;background_background&quot;:&quot;classic&quot;}\">\n\t\t\t\t<div class=\"elementor-element elementor-element-1d166623 elementor-widget elementor-widget-heading\" data-id=\"1d166623\" data-element_type=\"widget\" data-e-type=\"widget\" data-widget_type=\"heading.default\">\n\t\t\t\t<div class=\"elementor-widget-container\">\n\t\t\t\t\t<h4 class=\"elementor-heading-title elementor-size-default\">Erfahren Sie weitere technische Details \u00fcber das iECHO PK System<\/h4>\t\t\t\t<\/div>\n\t\t\t\t<\/div>\n\t\t\t\t<div class=\"elementor-element elementor-element-b2fe2e7 elementor-grid-1 elementor-grid-tablet-1 elementor-grid-mobile-1 elementor-posts--thumbnail-top elementor-widget elementor-widget-posts\" data-id=\"b2fe2e7\" data-element_type=\"widget\" data-e-type=\"widget\" data-settings=\"{&quot;classic_columns&quot;:&quot;1&quot;,&quot;classic_columns_tablet&quot;:&quot;1&quot;,&quot;classic_columns_mobile&quot;:&quot;1&quot;,&quot;classic_row_gap&quot;:{&quot;unit&quot;:&quot;px&quot;,&quot;size&quot;:35,&quot;sizes&quot;:[]},&quot;classic_row_gap_tablet&quot;:{&quot;unit&quot;:&quot;px&quot;,&quot;size&quot;:&quot;&quot;,&quot;sizes&quot;:[]},&quot;classic_row_gap_mobile&quot;:{&quot;unit&quot;:&quot;px&quot;,&quot;size&quot;:&quot;&quot;,&quot;sizes&quot;:[]}}\" data-widget_type=\"posts.classic\">\n\t\t\t\t<div class=\"elementor-widget-container\">\n\t\t\t\t\t\t\t<div class=\"elementor-posts-container elementor-posts elementor-posts--skin-classic elementor-grid\" role=\"list\">\n\t\t\t\t<article class=\"elementor-post elementor-grid-item post-6319 page type-page status-publish has-post-thumbnail hentry\" role=\"listitem\">\n\t\t\t\t<a class=\"elementor-post__thumbnail__link\" href=\"https:\/\/steuber.net\/cs\/iecho-schneidplotter\/\" tabindex=\"-1\">\n\t\t\t<div class=\"elementor-post__thumbnail\"><img loading=\"lazy\" decoding=\"async\" width=\"768\" height=\"512\" src=\"https:\/\/steuber.net\/wp-content\/uploads\/2023\/07\/iecho-produkt-768x512.webp\" class=\"attachment-medium_large size-medium_large wp-image-6365\" alt=\"iEcho\" srcset=\"https:\/\/steuber.net\/wp-content\/uploads\/2023\/07\/iecho-produkt-768x512.webp 768w, https:\/\/steuber.net\/wp-content\/uploads\/2023\/07\/iecho-produkt-300x200.webp 300w, https:\/\/steuber.net\/wp-content\/uploads\/2023\/07\/iecho-produkt-1024x683.webp 1024w, https:\/\/steuber.net\/wp-content\/uploads\/2023\/07\/iecho-produkt-18x12.webp 18w, https:\/\/steuber.net\/wp-content\/uploads\/2023\/07\/iecho-produkt.webp 1200w\" sizes=\"(max-width: 768px) 100vw, 768px\" \/><\/div>\n\t\t<\/a>\n\t\t\t\t<div class=\"elementor-post__text\">\n\t\t\t\t<h3 class=\"elementor-post__title\">\n\t\t\t<a href=\"https:\/\/steuber.net\/cs\/iecho-schneidplotter\/\">\n\t\t\t\t\u0158ezac\u00ed plotr iEcho\t\t\t<\/a>\n\t\t<\/h3>\n\t\t\t\t<div class=\"elementor-post__excerpt\">\n\t\t\t<p>Das System iECHO PK ist das Multitalent f\u00fcr die digitale Weiterverarbeitung \u2013 f\u00fcr die Produktion von Mappen, Faltschachteln, Aufklebern, Kreativstanzungen, Verpackungen, u.v.m.<\/p>\n\t\t<\/div>\n\t\t\n\t\t<a class=\"elementor-post__read-more\" href=\"https:\/\/steuber.net\/cs\/iecho-schneidplotter\/\" aria-label=\"Read more about iEcho Schneidplotter\" tabindex=\"-1\">\n\t\t\tWeiterlesen \u00bb\t\t<\/a>\n\n\t\t\t\t<\/div>\n\t\t\t\t<\/article>\n\t\t\t\t<\/div>\n\t\t\n\t\t\t\t\t\t<\/div>\n\t\t\t\t<\/div>\n\t\t\t\t<\/div>\n\t\t\t\t<\/div>\n\t\t\t\t<\/div>","protected":false},"excerpt":{"rendered":"<p>Die Druckerei Frank Druck + Medien in Aachen beeindruckt mit kreativen und exklusiven Verpackungen f\u00fcr gro\u00dfe Marken. Die Investition in die digitale Stanzmaschine iEcho erm\u00f6glicht flexible Produktion und neue M\u00f6glichkeiten. Lesen Sie unsere iEcho Success Story.<\/p>","protected":false},"author":1,"featured_media":6433,"comment_status":"closed","ping_status":"closed","sticky":false,"template":"","format":"standard","meta":{"_angie_page":false,"page_builder":"","footnotes":""},"categories":[30],"tags":[],"class_list":["post-6431","post","type-post","status-publish","format-standard","has-post-thumbnail","hentry","category-success-stories"],"_links":{"self":[{"href":"https:\/\/steuber.net\/cs\/wp-json\/wp\/v2\/posts\/6431","targetHints":{"allow":["GET"]}}],"collection":[{"href":"https:\/\/steuber.net\/cs\/wp-json\/wp\/v2\/posts"}],"about":[{"href":"https:\/\/steuber.net\/cs\/wp-json\/wp\/v2\/types\/post"}],"author":[{"embeddable":true,"href":"https:\/\/steuber.net\/cs\/wp-json\/wp\/v2\/users\/1"}],"replies":[{"embeddable":true,"href":"https:\/\/steuber.net\/cs\/wp-json\/wp\/v2\/comments?post=6431"}],"version-history":[{"count":3,"href":"https:\/\/steuber.net\/cs\/wp-json\/wp\/v2\/posts\/6431\/revisions"}],"predecessor-version":[{"id":11775,"href":"https:\/\/steuber.net\/cs\/wp-json\/wp\/v2\/posts\/6431\/revisions\/11775"}],"wp:featuredmedia":[{"embeddable":true,"href":"https:\/\/steuber.net\/cs\/wp-json\/wp\/v2\/media\/6433"}],"wp:attachment":[{"href":"https:\/\/steuber.net\/cs\/wp-json\/wp\/v2\/media?parent=6431"}],"wp:term":[{"taxonomy":"category","embeddable":true,"href":"https:\/\/steuber.net\/cs\/wp-json\/wp\/v2\/categories?post=6431"},{"taxonomy":"post_tag","embeddable":true,"href":"https:\/\/steuber.net\/cs\/wp-json\/wp\/v2\/tags?post=6431"}],"curies":[{"name":"wp","href":"https:\/\/api.w.org\/{rel}","templated":true}]}}