{"id":2796,"date":"2023-09-26T20:49:00","date_gmt":"2023-09-26T20:49:00","guid":{"rendered":"http:\/\/steuber22.kroeger-grafikdesign.de\/?p=2796"},"modified":"2026-04-28T05:05:40","modified_gmt":"2026-04-28T05:05:40","slug":"cumulus-raumlufthygiene-zur-begrenzung-von-keimbildung","status":"publish","type":"post","link":"https:\/\/steuber.net\/sv\/anwenderforum\/cumulus-raumlufthygiene-zur-begrenzung-von-keimbildung\/","title":{"rendered":"Cumulus Raumlufthygiene zur Begrenzung von Keimbildung"},"content":{"rendered":"<div data-elementor-type=\"wp-post\" data-elementor-id=\"2796\" class=\"elementor elementor-2796\" data-elementor-post-type=\"post\">\n\t\t\t\t<div class=\"elementor-element elementor-element-13c22d54 e-con-full e-flex e-con e-parent\" data-id=\"13c22d54\" data-element_type=\"container\" data-e-type=\"container\" data-settings=\"{&quot;background_background&quot;:&quot;classic&quot;}\">\n\t\t<div class=\"elementor-element elementor-element-71c8cd3c e-con-full e-flex e-con e-child\" data-id=\"71c8cd3c\" data-element_type=\"container\" data-e-type=\"container\">\n\t\t<div class=\"elementor-element elementor-element-5002c4cd e-con-full e-flex e-con e-child\" data-id=\"5002c4cd\" data-element_type=\"container\" data-e-type=\"container\">\n\t\t\t\t<div class=\"elementor-element elementor-element-5fbeedbf elementor-widget elementor-widget-heading\" data-id=\"5fbeedbf\" data-element_type=\"widget\" data-e-type=\"widget\" data-widget_type=\"heading.default\">\n\t\t\t\t<div class=\"elementor-widget-container\">\n\t\t\t\t\t<h1 class=\"elementor-heading-title elementor-size-default\">Cumulus Raumlufthygiene zur Begrenzung von Keimbildung<\/h1>\t\t\t\t<\/div>\n\t\t\t\t<\/div>\n\t\t\t\t<\/div>\n\t\t<div class=\"elementor-element elementor-element-71033a5f e-con-full e-flex e-con e-child\" data-id=\"71033a5f\" data-element_type=\"container\" data-e-type=\"container\">\n\t\t\t\t<div class=\"elementor-element elementor-element-48eecd41 elementor-hidden-mobile elementor-widget elementor-widget-text-editor\" data-id=\"48eecd41\" data-element_type=\"widget\" data-e-type=\"widget\" data-widget_type=\"text-editor.default\">\n\t\t\t\t<div class=\"elementor-widget-container\">\n\t\t\t\t\t\t\t\t\t<p style=\"text-align: right;\"><strong>Lesedauer:<\/strong><br \/>5 min.<\/p>\t\t\t\t\t\t\t\t<\/div>\n\t\t\t\t<\/div>\n\t\t\t\t<\/div>\n\t\t\t\t<\/div>\n\t\t<div class=\"elementor-element elementor-element-841e67d e-con-full e-flex e-con e-child\" data-id=\"841e67d\" data-element_type=\"container\" data-e-type=\"container\">\n\t\t<div class=\"elementor-element elementor-element-5e2ed4fa e-con-full e-flex e-con e-child\" data-id=\"5e2ed4fa\" data-element_type=\"container\" data-e-type=\"container\">\n\t\t\t\t<div class=\"elementor-element elementor-element-2d46a728 elementor-widget elementor-widget-text-editor\" data-id=\"2d46a728\" data-element_type=\"widget\" data-e-type=\"widget\" data-widget_type=\"text-editor.default\">\n\t\t\t\t<div class=\"elementor-widget-container\">\n\t\t\t\t\t\t\t\t\t<p>Hygienepr\u00e4vention ist das Gebot der Stunde \u2013 Cumulus Raumlufthygiene hilft bei der Begrenzung und Eliminierung von pathogener Keimbildung (u. a. Corona COVID 19).<\/p>\t\t\t\t\t\t\t\t<\/div>\n\t\t\t\t<\/div>\n\t\t\t\t<\/div>\n\t\t<div class=\"elementor-element elementor-element-4cd6a478 e-con-full e-flex e-con e-child\" data-id=\"4cd6a478\" data-element_type=\"container\" data-e-type=\"container\">\n\t\t\t\t<div class=\"elementor-element elementor-element-15846ecc elementor-widget elementor-widget-image\" data-id=\"15846ecc\" data-element_type=\"widget\" data-e-type=\"widget\" data-widget_type=\"image.default\">\n\t\t\t\t<div class=\"elementor-widget-container\">\n\t\t\t\t\t\t\t\t\t\t\t\t\t\t\t<img fetchpriority=\"high\" decoding=\"async\" width=\"800\" height=\"400\" src=\"https:\/\/steuber.net\/wp-content\/uploads\/2022\/09\/steuber-blog-post-cumulus-luftreinigung-1024x512.webp\" class=\"attachment-large size-large wp-image-2864\" alt=\"\" srcset=\"https:\/\/steuber.net\/wp-content\/uploads\/2022\/09\/steuber-blog-post-cumulus-luftreinigung-1024x512.webp 1024w, https:\/\/steuber.net\/wp-content\/uploads\/2022\/09\/steuber-blog-post-cumulus-luftreinigung-300x150.webp 300w, https:\/\/steuber.net\/wp-content\/uploads\/2022\/09\/steuber-blog-post-cumulus-luftreinigung-768x384.webp 768w, https:\/\/steuber.net\/wp-content\/uploads\/2022\/09\/steuber-blog-post-cumulus-luftreinigung.webp 1500w\" sizes=\"(max-width: 800px) 100vw, 800px\" \/>\t\t\t\t\t\t\t\t\t\t\t\t\t\t\t<\/div>\n\t\t\t\t<\/div>\n\t\t\t\t<\/div>\n\t\t\t\t<\/div>\n\t\t\t\t<\/div>\n\t\t<div class=\"elementor-element elementor-element-133d01e5 e-flex e-con-boxed e-con e-parent\" data-id=\"133d01e5\" data-element_type=\"container\" data-e-type=\"container\">\n\t\t\t\t\t<div class=\"e-con-inner\">\n\t\t<div class=\"elementor-element elementor-element-3458250b e-con-full e-flex e-con e-child\" data-id=\"3458250b\" data-element_type=\"container\" data-e-type=\"container\">\n\t\t\t\t<div class=\"elementor-element elementor-element-5b5d10ac elementor-widget elementor-widget-heading\" data-id=\"5b5d10ac\" data-element_type=\"widget\" data-e-type=\"widget\" data-widget_type=\"heading.default\">\n\t\t\t\t<div class=\"elementor-widget-container\">\n\t\t\t\t\t<h3 class=\"elementor-heading-title elementor-size-default\">Keine Chance f\u00fcr Keime.<\/h3>\t\t\t\t<\/div>\n\t\t\t\t<\/div>\n\t\t\t\t<\/div>\n\t\t<div class=\"elementor-element elementor-element-39c61cd7 e-con-full e-flex e-con e-child\" data-id=\"39c61cd7\" data-element_type=\"container\" data-e-type=\"container\">\n\t\t\t\t<div class=\"elementor-element elementor-element-55c3e1ac elementor-widget elementor-widget-text-editor\" data-id=\"55c3e1ac\" data-element_type=\"widget\" data-e-type=\"widget\" data-widget_type=\"text-editor.default\">\n\t\t\t\t<div class=\"elementor-widget-container\">\n\t\t\t\t\t\t\t\t\t<p>Weitreichende Ma\u00dfnahmen zur Eind\u00e4mmung der Pandemie sind weltweit in Kraft.<\/p><p>Unser Kooperationspartner Cumulus Luftbefeuchtungstechnik besitzt seit vielen Jahrzehnten umfassendes know-How zum Thema Raumluft- und Fl\u00e4chendesinfizierung.<\/p><p>Cumulus Raumlufthygiene gegen pathogene Keimbildung: Mit mobilen Ger\u00e4ten zur Feinstvernebelung mit k\u00fcrzester Verdunstungszeit wird die Desinfizierungsl\u00f6sung ventilatorunterst\u00fctzt optimal in die Bedarfsr\u00e4ume verteilt.<\/p><p>Durch Einsatz der Desinfizierungsl\u00f6sung und Erzeugung von H2O2 Aerosolen erreichen Sie eine Reduktion der Keimbelastung von bis zu 100%.<\/p><p>Neben dem mobilen Einsatz ist auch der Anschluss an vorhandene raumlufttechnische Anlagen m\u00f6glich.<\/p><p>Bei Interesse stellen wir Ihnen gerne den Kontakt zu den Spezialisten von Cumulus her.<\/p>\t\t\t\t\t\t\t\t<\/div>\n\t\t\t\t<\/div>\n\t\t\t\t<\/div>\n\t\t\t\t\t<\/div>\n\t\t\t\t<\/div>\n\t\t<div class=\"elementor-element elementor-element-73345d8f e-con-full e-flex elementor-invisible e-con e-parent\" data-id=\"73345d8f\" data-element_type=\"container\" data-e-type=\"container\" data-settings=\"{&quot;background_background&quot;:&quot;classic&quot;,&quot;animation&quot;:&quot;fadeInUp&quot;}\">\n\t\t<div class=\"elementor-element elementor-element-151dc84d e-con-full e-flex e-con e-child\" data-id=\"151dc84d\" data-element_type=\"container\" data-e-type=\"container\">\n\t\t\t\t<div class=\"elementor-element elementor-element-344d5624 elementor-widget elementor-widget-heading\" data-id=\"344d5624\" data-element_type=\"widget\" data-e-type=\"widget\" data-widget_type=\"heading.default\">\n\t\t\t\t<div class=\"elementor-widget-container\">\n\t\t\t\t\t<h3 class=\"elementor-heading-title elementor-size-default\">Sprechen Sie uns an, unser Serviceteam beantwortet Ihnen alle Fragen zur Installation.<\/h3>\t\t\t\t<\/div>\n\t\t\t\t<\/div>\n\t\t\t\t<div class=\"elementor-element elementor-element-6ddb48ea elementor-widget elementor-widget-button\" data-id=\"6ddb48ea\" data-element_type=\"widget\" data-e-type=\"widget\" data-widget_type=\"button.default\">\n\t\t\t\t<div class=\"elementor-widget-container\">\n\t\t\t\t\t\t\t\t\t<div class=\"elementor-button-wrapper\">\n\t\t\t\t\t<a class=\"elementor-button elementor-button-link elementor-size-sm\" href=\"https:\/\/steuber.net\/sv\/ansprechpartner-care-service\/#serviceleitung\">\n\t\t\t\t\t\t<span class=\"elementor-button-content-wrapper\">\n\t\t\t\t\t\t\t\t\t<span class=\"elementor-button-text\">Ich m\u00f6chte weitere Informationen<\/span>\n\t\t\t\t\t<\/span>\n\t\t\t\t\t<\/a>\n\t\t\t\t<\/div>\n\t\t\t\t\t\t\t\t<\/div>\n\t\t\t\t<\/div>\n\t\t\t\t<\/div>\n\t\t<div class=\"elementor-element elementor-element-74afb420 e-con-full e-flex e-con e-child\" data-id=\"74afb420\" data-element_type=\"container\" data-e-type=\"container\" data-settings=\"{&quot;background_background&quot;:&quot;classic&quot;}\">\n\t\t\t\t<div class=\"elementor-element elementor-element-55fccc8c elementor-widget elementor-widget-heading\" data-id=\"55fccc8c\" data-element_type=\"widget\" data-e-type=\"widget\" data-widget_type=\"heading.default\">\n\t\t\t\t<div class=\"elementor-widget-container\">\n\t\t\t\t\t<h4 class=\"elementor-heading-title elementor-size-default\">Dieser Artikel k\u00f6nnte Sie auch interessieren<\/h4>\t\t\t\t<\/div>\n\t\t\t\t<\/div>\n\t\t\t\t<div class=\"elementor-element elementor-element-61a93230 elementor-grid-1 elementor-grid-tablet-1 elementor-grid-mobile-1 elementor-posts--thumbnail-top elementor-widget elementor-widget-global elementor-global-2720 elementor-widget-posts\" data-id=\"61a93230\" data-element_type=\"widget\" data-e-type=\"widget\" data-settings=\"{&quot;classic_columns&quot;:&quot;1&quot;,&quot;classic_columns_tablet&quot;:&quot;1&quot;,&quot;classic_columns_mobile&quot;:&quot;1&quot;,&quot;classic_row_gap&quot;:{&quot;unit&quot;:&quot;px&quot;,&quot;size&quot;:35,&quot;sizes&quot;:[]},&quot;classic_row_gap_tablet&quot;:{&quot;unit&quot;:&quot;px&quot;,&quot;size&quot;:&quot;&quot;,&quot;sizes&quot;:[]},&quot;classic_row_gap_mobile&quot;:{&quot;unit&quot;:&quot;px&quot;,&quot;size&quot;:&quot;&quot;,&quot;sizes&quot;:[]}}\" data-widget_type=\"posts.classic\">\n\t\t\t\t<div class=\"elementor-widget-container\">\n\t\t\t\t\t\t\t<div class=\"elementor-posts-container elementor-posts elementor-posts--skin-classic elementor-grid\" role=\"list\">\n\t\t\t\t<article class=\"elementor-post elementor-grid-item post-5453 post type-post status-publish format-standard has-post-thumbnail hentry category-anwenderforum\" role=\"listitem\">\n\t\t\t\t<a class=\"elementor-post__thumbnail__link\" href=\"https:\/\/steuber.net\/sv\/anwenderforum\/verbot-leuchtstoffroehren-druckerei\/\" tabindex=\"-1\">\n\t\t\t<div class=\"elementor-post__thumbnail\"><img decoding=\"async\" width=\"768\" height=\"432\" src=\"https:\/\/steuber.net\/wp-content\/uploads\/2023\/01\/verbot-leuchtstoffroehren-druckerei-768x432.webp\" class=\"attachment-medium_large size-medium_large wp-image-5455\" alt=\"Verbot von Leuchtstoffr\u00f6hren in Druckereien\" srcset=\"https:\/\/steuber.net\/wp-content\/uploads\/2023\/01\/verbot-leuchtstoffroehren-druckerei-768x432.webp 768w, https:\/\/steuber.net\/wp-content\/uploads\/2023\/01\/verbot-leuchtstoffroehren-druckerei-300x169.webp 300w, https:\/\/steuber.net\/wp-content\/uploads\/2023\/01\/verbot-leuchtstoffroehren-druckerei.webp 1024w\" sizes=\"(max-width: 768px) 100vw, 768px\" \/><\/div>\n\t\t<\/a>\n\t\t\t\t<div class=\"elementor-post__text\">\n\t\t\t\t<h3 class=\"elementor-post__title\">\n\t\t\t<a href=\"https:\/\/steuber.net\/sv\/anwenderforum\/verbot-leuchtstoffroehren-druckerei\/\">\n\t\t\t\tVerbot von Leuchtstoffr\u00f6hren in Druckereien\t\t\t<\/a>\n\t\t<\/h3>\n\t\t\t\t<div class=\"elementor-post__excerpt\">\n\t\t\t<p>Verbot von Leuchtstoffr\u00f6hren in Druckereien Lesedauer:5 min. Laut RoHS-Richtlinie d\u00fcrfen Kompaktleuchtstoff- und Leuchtstofflampen seit dem 24. Februar 2023 bzw. 24. August 2023 nicht mehr verkauft<\/p>\n\t\t<\/div>\n\t\t\n\t\t<a class=\"elementor-post__read-more\" href=\"https:\/\/steuber.net\/sv\/anwenderforum\/verbot-leuchtstoffroehren-druckerei\/\" aria-label=\"Read more about Verbot von Leuchtstoffr\u00f6hren in Druckereien\" tabindex=\"-1\">\n\t\t\tWeiterlesen \u00bb\t\t<\/a>\n\n\t\t\t\t<\/div>\n\t\t\t\t<\/article>\n\t\t\t\t<\/div>\n\t\t\n\t\t\t\t\t\t<\/div>\n\t\t\t\t<\/div>\n\t\t\t\t<\/div>\n\t\t\t\t<\/div>\n\t\t\t\t<\/div>","protected":false},"excerpt":{"rendered":"<p>Cumulus Raumlufthygiene zur Begrenzung und Eliminierung von pathogener Keimbildung (u. a. Corona COVID 19)<\/p>","protected":false},"author":1,"featured_media":2864,"comment_status":"closed","ping_status":"closed","sticky":false,"template":"","format":"standard","meta":{"_angie_page":false,"page_builder":"","footnotes":""},"categories":[17],"tags":[],"class_list":["post-2796","post","type-post","status-publish","format-standard","has-post-thumbnail","hentry","category-anwenderforum"],"_links":{"self":[{"href":"https:\/\/steuber.net\/sv\/wp-json\/wp\/v2\/posts\/2796","targetHints":{"allow":["GET"]}}],"collection":[{"href":"https:\/\/steuber.net\/sv\/wp-json\/wp\/v2\/posts"}],"about":[{"href":"https:\/\/steuber.net\/sv\/wp-json\/wp\/v2\/types\/post"}],"author":[{"embeddable":true,"href":"https:\/\/steuber.net\/sv\/wp-json\/wp\/v2\/users\/1"}],"replies":[{"embeddable":true,"href":"https:\/\/steuber.net\/sv\/wp-json\/wp\/v2\/comments?post=2796"}],"version-history":[{"count":4,"href":"https:\/\/steuber.net\/sv\/wp-json\/wp\/v2\/posts\/2796\/revisions"}],"predecessor-version":[{"id":11839,"href":"https:\/\/steuber.net\/sv\/wp-json\/wp\/v2\/posts\/2796\/revisions\/11839"}],"wp:featuredmedia":[{"embeddable":true,"href":"https:\/\/steuber.net\/sv\/wp-json\/wp\/v2\/media\/2864"}],"wp:attachment":[{"href":"https:\/\/steuber.net\/sv\/wp-json\/wp\/v2\/media?parent=2796"}],"wp:term":[{"taxonomy":"category","embeddable":true,"href":"https:\/\/steuber.net\/sv\/wp-json\/wp\/v2\/categories?post=2796"},{"taxonomy":"post_tag","embeddable":true,"href":"https:\/\/steuber.net\/sv\/wp-json\/wp\/v2\/tags?post=2796"}],"curies":[{"name":"wp","href":"https:\/\/api.w.org\/{rel}","templated":true}]}}